{"id":39727,"date":"2021-05-19T10:29:43","date_gmt":"2021-05-19T08:29:43","guid":{"rendered":"https:\/\/www.spreadshop.com\/de\/blog\/?p=39727"},"modified":"2026-02-23T16:16:34","modified_gmt":"2026-02-23T15:16:34","slug":"shop-of-the-moment-kollektiv-turmstrasse-im-virtuellen-raum","status":"publish","type":"post","link":"https:\/\/www.spreadshop.com\/de\/blog\/2021\/05\/19\/shop-of-the-moment-kollektiv-turmstrasse-im-virtuellen-raum\/","title":{"rendered":"Shop of the Monats: Kollektiv Turmstrasse"},"content":{"rendered":"<p>Kollektiv Turmstrasse \u2013 das sind Nico und Christian \u2013 gr\u00fcndeten sich 1999 in einer Wismaer WG. Schnell geh\u00f6rten die beiden zu den bekanntesten Producern\/DJs im Bereich des Minimal Techno. Seitdem sind viele Jahre vergangen \u2013 und Kollektiv Turmstrasse haben sich musikalisch und konzeptuell weiterentwickelt.<\/p>\n<p>Ihr neues Album UNITY OF OPPOSITES ist eine Antwort auf Digitalisierung, Globalisierung und Pandemie: Statt eines gew\u00f6hnlichen Streams feierte das Duo die Album-Premiere gemeinsam mit seinen Fans in einem digitalen Raum. Wir haben Nico zum Album, digitalen Merch Dealern und dem neuen Kollektiv Turmstrasse Logo befragt \u2026<\/p>\n<h2>UNITY OF OPPOSITES \u2013 mehr als ein Album<\/h2>\n<p><strong>Hallo Nico! Wow, wir freuen uns riesig, Euch mal interviewen zu d\u00fcrfen. Denn nat\u00fcrlich arbeiten auch bei Spreadshop ein paar Fans Eurer Musik \u2026 Wie erreicht Ihr die eigentlich?<\/strong><\/p>\n<p>Hallo an Euch und alle Leser*innen! Wir freuen uns sehr, dass Euch interessiert, was wir machen! Zu Deiner Frage: Ich hoffe nat\u00fcrlich, dass wir Fans \u00fcberwiegend mit der Musik begeistern. ? Ansonsten ist Social Media nat\u00fcrlich das Medium, um Fans direkt zu erreichen.<\/p>\n<p>Wir haben das Gl\u00fcck, seit Jahren eine gro\u00dfartige Fan Base zu haben, die uns immer unterst\u00fctzt, und das ist nat\u00fcrlich toll. Wir haben uns aber lange nicht richtig getraut, uns zur Schau zu stellen. Das ist n\u00e4mlich gar nicht unsere Attitude, aber wir merken mittlerweile auch, wieviel Spa\u00df es macht, direkten Austausch mit den Fans zu haben. Mit dem neuen Album-Konzept hoffen wir, Social Media noch interaktiver zu machen, gerade in dieser schwierigen Zeit.<\/p>\n<p><strong>Euer letztes Album (\u201aRebellion der Tr\u00e4umer\u2018) erschien vor 11 Jahren, danach seid Ihr vor allem mit der \u201aSorry I Am Late\u2018 EP und zahlreichen Remixes in Erscheinung getreten. Das neue Album \u201aUnity Of Opposites\u2018 ist ja noch viel mehr als ein Album. Erz\u00e4hlt doch mal, was Ihr da ausgeheckt habt \u2026<\/strong><\/p>\n<p>Wir hatten lange das Gef\u00fchl, ein Album w\u00e4re nicht genug. Der Gedanke f\u00fcr ein Album war schon l\u00e4nger da und auch Skizzen existierten, aber es war nie der richtige Aufh\u00e4nger oder Zeitpunkt da. Das klingt bl\u00f6d, aber f\u00fcr uns ist ein Album wirklich was besonders. Vielleicht hat es deshalb 10 Jahre gedauert.<\/p>\n<p>Wir hatten schon einige Ideen, die ins Virtuelle gingen, und wir hatten auch schon mit meinem guten Freund Alex von der Agentur Demodern \u00fcber einige Konzepte gesprochen. Im Winter 2019 erz\u00e4hlte er mir dann, dass sie an einer virtuellen Stage arbeiten, und fragte, ob ich mir das nicht mal anschauen m\u00f6chte.<\/p>\n<p>UNITY OF OPPOSITES ist das Ergebnis vieler Stunden Arbeit, ganz viel Liebe zu unserem Projekt und mit dem UNITY Gedanken entstanden. Es w\u00fcrde jetzt ein bisschen den Rahmen sprengen, dar\u00fcber zu erz\u00e4hlen, wie es weitergeht und was noch alles passieren wird. Ich kann nur so viel sagen: Wir sind erst am Anfang. Sowohl musikalisch als auch mit der Stage.<\/p>\n<p>UNITY OF OPPOSITES ist also erstmal ein Konzeptalbum. Die Stage, die Show, die Musik sind zusammengenommen das Album. Das m\u00f6chte ich auch nochmal betonen, dass hier alles zusammenh\u00e4ngt und es deshalb auch noch keinen Release-Termin f\u00fcr das Album selbst gibt. Aber einer der Grundgedanken war nat\u00fcrlich auch Menschen in der Zeit von COVID zusammenzubringen und live spielen zu k\u00f6nnen.<\/p>\n<p><strong>UNITY OF OPPOSITES ist also sowas wie <\/strong><strong>ein digitaler Club<\/strong><strong>: Fans k\u00f6nnen sich ein Ticket zu einer digitalen Party kaufen, und dann vor Ort mit einem eigenen Character tanzen. Wie genau funktioniert so etwas und wie lief Euer erster digitaler Auftritt?<\/strong><\/p>\n<p>Ein Club ist es nicht unbedingt, es fehlt das Dach! ? Das war uns auch wichtig: Wir sind drau\u00dfen, nicht drinnen. Und wie das funktioniert, kann ich Dir nur amateurhaft erkl\u00e4ren, weil da sehr viel Technik und Know-how dahintersteckt. In der aktuellen Online-Ausgabe des Page Magazin gibt es einen gro\u00dfartigen <a href=\"https:\/\/page-online.de\/kreation\/welcome-to-night-city-webgl-dj-party-von-demodern\/\" target=\"_blank\" rel=\"noopener noreferrer\">Hintergrundbericht<\/a> \u00fcber die Technik, die Demodern da eingebaut hat.<\/p>\n<p>Unser erstes Event war wirklich unglaublich! Ich kann gar nicht sagen, wie gro\u00dfartig es war, wieder vor echtem Publikum zu spielen. Es war sehr aufregend und ich bin unglaublich stolz auf das Team und dass alles so gro\u00dfartig gelaufen ist.\u00a0 Das Feedback der Fans war \u00fcberw\u00e4ltigend. Ich glaube, niemand hat wirklich damit gerechnet, dass das Spa\u00df macht, und die meisten wollten wahrscheinlich nur die Musik h\u00f6ren. Aber im Nachhinein schien die Musik nur beil\u00e4ufiges Feedback zu bekommen. ?<\/p>\n<p>Ich freue mich schon auf die n\u00e4chsten Shows, denn jede Show wird auch neue Ver\u00e4nderungen bringen. Es bleibt wie immer spannend mit Kollektiv Turmstrasse.<\/p>\n<h2>Merch vom digitalen Dealer<\/h2>\n<p><strong>Freut uns, dass Eure Show so gut lief! Wir haben geh\u00f6rt, dass es vor Ort auch einen (digitalen) Merch Dealer gab. Was hatte er denn im Angebot?<\/strong><\/p>\n<p>Nat\u00fcrlich den Katalog aus unserem Spreadshop. ? Unser Merch Dealer hat den besten Stoff, so viel ist klar.<\/p>\n<p><strong>Warum Merch? War das Eure Idee oder kam das eher von den Fans?<\/strong><\/p>\n<p>Ich selbst bin gro\u00dfer Merch Fan, aber wir haben uns die letzten Jahre damit tats\u00e4chlich schwergetan und das wollten wir erst einmal grunds\u00e4tzlich \u00e4ndern. Auch hier sind wir gerade am Anfang und wir arbeiten gerade an vielen neuen Motiven und Designs, die sich wunderbar einfach einpflegen lassen in unseren Shop.<\/p>\n<p><strong>Wie kamt Ihr zu Spreadshop und was gef\u00e4llt Euch an diesem Shop-System?<\/strong><\/p>\n<p>Da kann ich gleich anschlie\u00dfen. Spreadshop bietet uns einen unkomplizierten Umgang mit Merch, vom Designen der Produkte bis zum eigenen Shop ist es ein Kinderspiel. Wir m\u00fcssen uns um nichts k\u00fcmmern, Ihr \u00fcbernehmt den Versand, Reklamationen und den Support. Besser geht\u2019s doch nicht!<\/p>\n<p>Dazu sei auch noch gesagt, dass man die <a href=\"https:\/\/www.spreadshop.com\/de\/blog\/2020\/02\/27\/die-richtige-preisstrategie-fuer-deinen-shop\/\" target=\"_blank\" rel=\"noopener noreferrer\">Preise selbst gestalten kann<\/a>. Wir haben uns z. B. entschlossen, unseren Fans g\u00fcnstigere Preise anzubieten. Das macht uns gl\u00fccklich und freut auch unsere Fans.<\/p>\n<div class='wp-caption alignnone sprd-caption'>\n<div class='wp-caption-inner'><picture><source srcset=\"https:\/\/images.spreadshop.com\/images\/f_auto,q_auto\/v1621330145\/blog\/Merch_FINAL_p4bh3y\/Merch_FINAL_p4bh3y.png?_i=AA\" media=\"(max-width: 639px)\"\/><img width=\"1400\" height=\"800\" src=\"https:\/\/images.spreadshop.com\/images\/w_1400,h_800\/f_auto,q_auto\/v1621330145\/blog\/Merch_FINAL_p4bh3y\/Merch_FINAL_p4bh3y.png?_i=AA\" alt=\"\" data-public-id=\"blog\/Merch_FINAL_p4bh3y.png\" class=\"wp-post-0 wp-image-39742\" data-format=\"png\" data-transformations=\"f_auto,q_auto\" data-version=\"1621330145\" \/><\/picture><\/div>\n<\/div>\n<p><strong>Euer Shop gef\u00e4llt uns sehr gut! K\u00f6nnt Ihr uns was zur Einrichtung, Produktauswahl und den Designs erz\u00e4hlen? (Ihr habt auch Euer Logo redesignt, stimmt\u2018s?)<\/strong><\/p>\n<p>Vielen Dank, das freut uns zu h\u00f6ren. Alisha, unsere kreative Fee, hat sich auch sehr viel M\u00fche gegeben \u2013 nicht nur mit dem Spreadshop. Kollektiv Turmstrasse gestaltet sich, wie ihr schon gemerkt habt, gerade komplett um.<\/p>\n<p>Aber das ist das Sch\u00f6ne am Spreadshop, wir k\u00f6nnen unser Shop-Layout nach unseren W\u00fcnschen anpassen, ob es nun Bild oder Farbe ist. Die Produktauswahl f\u00fcr das Merchandise ist sehr gro\u00df und wir mussten aufpassen, nicht doch alles, was es gibt, als Merch anzubieten.<\/p>\n<p>Wie schon erw\u00e4hnt, liebe ich Merch. Uns war bei der Produktauswahl aber zum Beispiel wichtig, dass wir auch unseren weiblichen Fans tolle Produkte anbieten k\u00f6nnen. Bei den Designs waren uns nat\u00fcrlichen die Farben der Stoffe wichtig, es sollte alles in das neue Design von Kollektiv Turmstrasse passen. Und so einfach ist es dann auch, die Farben abw\u00e4hlen, die man nicht anbieten m\u00f6chte. Fertig! So kleine Features, die wunderbar im Spreadshop integriert wurden, machen das Anbieten von Merch einfach und vor allem, instant m\u00f6glich.<\/p>\n<h2>Streams &amp; digitale L\u00f6sungen in der Pandemie<\/h2>\n<p><strong>Danke, das freut uns sehr, dass Ihr mit Spreadshop zufrieden seid! Twitch, YouTube-Streams und jetzt die digitale Live-Show. Vor allem Nico ist sehr gerne in der Streaming-Welt unterwegs. Woher kommt diese Lust am Streamen? Hat das auch was mit den Umst\u00e4nden durch die Pandemie zu tun? <\/strong><\/p>\n<p>Christian und ich waren und sind Nerds, wir lieben Technik, wir lieben das Internet, Streams und YouTube sind f\u00fcr uns allt\u00e4gliche Medien. Dies wollen wir nutzen, um auch hier mit unseren Fans direkten Kontakt und Austausch zu haben. Das funktioniert super und kommt, gerade auch bei jungem Publikum, super an.<\/p>\n<p>Dass ich gerade mehr pr\u00e4sent bin hat allerdings mit den aktuellen Umst\u00e4nden zu tun.<\/p>\n<p>Christian hat sich w\u00e4hrend der Pandemie dazu entschlossen, in Zukunft im Hintergrund zu arbeiten. Wir hatten immer unterschiedliche St\u00e4rken und in Zeiten mit einer ungewissen Zukunft sind solche Entscheidungen wichtig f\u00fcr das innere Wohlbefinden. Christian und ich sind nach wie vor Kollektiv Turmstrasse, aber die Leute m\u00fcssen sich leider daran gew\u00f6hnen, dass der H\u00fcbsche aus der Band jetzt nicht mehr auf der B\u00fchne zu sehen ist. \ud83d\ude09<\/p>\n<p><strong>Och, wir finden ja, Ihr seid beide sehr h\u00fcbsch! \ud83d\ude09 Habt Ihr Tipps f\u00fcr Musiker*innen und Producer*innen, die mit der nicht enden wollenden Pandemie k\u00e4mpfen und schon lange keine Auftritte hatten?<\/strong><\/p>\n<p>Ich denke, Anlaufstelle Nummer 1 sollte derzeit <a href=\"https:\/\/neustartkultur.de\/\" target=\"_blank\" rel=\"noopener noreferrer\">NEUSTARTKULTUR<\/a> sein. Dort gibt es einige F\u00f6rderprogramme f\u00fcr Musiker*innen und K\u00fcnstler*innen. Wir selbst hatten leider kein Gl\u00fcck, da wir f\u00fcr unser Projekt schon zu weit in der Entwicklung waren. Man sollte also schon in der Konzeption Antr\u00e4ge einreichen. Es wird aber einiges getan in diesem Bereich. Leider sind hier auch wieder viele b\u00fcrokratische H\u00fcrden zu meistern. Schnelle Hilfe ist das also nicht. Wir hoffen sehr, dass mit den Impfungen bald f\u00fcr alle wieder etwas Normalit\u00e4t eintritt, aber f\u00fcr viele meiner Zunft wird es dann zu sp\u00e4t sein. Und das ist sehr traurig.<\/p>\n<p><strong>Ja, das finden wir auch sehr traurig. Wir hoffen, dass wir mit Spreadshop dennoch einen kleinen Teil dazu beitragen k\u00f6nnen, dass die Stimmen der Musiker*innen und K\u00fcnstler*innen geh\u00f6rt werden. Danke auf jeden Fall f\u00fcr das Interview, Nico!<\/strong><\/p>\n<p>Ich danke Euch! Wer sich ein Ticket f\u00fcr unsere virtuelle Live-Show kaufen m\u00f6chte, um uns zu unterst\u00fctzen, kann sich auf Instagram informieren.<\/p>\n<p>Kollektiv Turmstrasse Content:<\/p>\n<p><a href=\"https:\/\/www.instagram.com\/kollektiv_turmstrasse\/\" target=\"_blank\" rel=\"noopener noreferrer\">Instagram<\/a> | <a href=\"https:\/\/www.facebook.com\/kollektivturmstrasse\" target=\"_blank\" rel=\"noopener noreferrer\">Facebook<\/a> | <a href=\"https:\/\/www.youtube.com\/channel\/UC9p6NgiuHjorHOk6fpNbeSg\" target=\"_blank\" rel=\"noopener noreferrer\">YouTube<\/a> | <a href=\"https:\/\/www.twitch.tv\/kollektivturmstrasse\" target=\"_blank\" rel=\"noopener noreferrer\">Twitch<\/a><em>\u00a0<\/em><\/p>\n<div class=\"shariff shariff-align-left shariff-widget-align-left\">\n<div class=\"ShariffHeadline\">\n<h3 class=\"shariff_headline\">Teile diesen Beitrag<\/h3>\n<\/div>\n<ul class=\"shariff-buttons theme-default orientation-horizontal buttonsize-medium\">\n<li class=\"shariff-button facebook shariff-nocustomcolor\" style=\"background-color:#4273c8\"><a href=\"https:\/\/www.facebook.com\/sharer\/sharer.php?u=https%3A%2F%2Fwww.spreadshop.com%2Fblog%2Fde%2F2021%2F05%2F19%2Fshop-of-the-moment-kollektiv-turmstrasse-im-virtuellen-raum%2F\" title=\"Bei Facebook teilen\" aria-label=\"Bei Facebook teilen\" role=\"button\" rel=\"nofollow\" class=\"shariff-link\" style=\"; background-color:#3b5998; color:#fff\" target=\"_blank\"><span class=\"shariff-icon\" style=\"\"><svg width=\"32px\" height=\"20px\" xmlns=\"http:\/\/www.w3.org\/2000\/svg\" viewBox=\"0 0 18 32\"><path fill=\"#3b5998\" d=\"M17.1 0.2v4.7h-2.8q-1.5 0-2.1 0.6t-0.5 1.9v3.4h5.2l-0.7 5.3h-4.5v13.6h-5.5v-13.6h-4.5v-5.3h4.5v-3.9q0-3.3 1.9-5.2t5-1.8q2.6 0 4.1 0.2z\"><\/path><\/svg><\/span><span class=\"shariff-text\">teilen<\/span>&nbsp;<\/a><\/li>\n<li class=\"shariff-button twitter shariff-nocustomcolor\" style=\"background-color:#595959\"><a href=\"https:\/\/twitter.com\/share?url=https%3A%2F%2Fwww.spreadshop.com%2Fblog%2Fde%2F2021%2F05%2F19%2Fshop-of-the-moment-kollektiv-turmstrasse-im-virtuellen-raum%2F&text=Shop%20of%20the%20Monats%3A%20Kollektiv%20Turmstrasse\" title=\"Bei X teilen\" aria-label=\"Bei X teilen\" role=\"button\" rel=\"noopener nofollow\" class=\"shariff-link\" style=\"; background-color:#000; color:#fff\" target=\"_blank\"><span class=\"shariff-icon\" style=\"\"><svg width=\"32px\" height=\"20px\" xmlns=\"http:\/\/www.w3.org\/2000\/svg\" viewBox=\"0 0 24 24\"><path fill=\"#000\" d=\"M14.258 10.152L23.176 0h-2.113l-7.747 8.813L7.133 0H0l9.352 13.328L0 23.973h2.113l8.176-9.309 6.531 9.309h7.133zm-2.895 3.293l-.949-1.328L2.875 1.56h3.246l6.086 8.523.945 1.328 7.91 11.078h-3.246zm0 0\"><\/path><\/svg><\/span><span class=\"shariff-text\">teilen<\/span>&nbsp;<\/a><\/li>\n<li class=\"shariff-button pinterest shariff-nocustomcolor\" style=\"background-color:#e70f18\"><a href=\"https:\/\/www.pinterest.com\/pin\/create\/link\/?url=https%3A%2F%2Fwww.spreadshop.com%2Fblog%2Fde%2F2021%2F05%2F19%2Fshop-of-the-moment-kollektiv-turmstrasse-im-virtuellen-raum%2F&media=https%3A%2F%2Fwww.spreadshop.com%2Fblog%2Fde%2Ffiles%2F2021%2F06%2FTeaser_NEU_gjhme4.png&description=Shop%20of%20the%20Monats%3A%20Kollektiv%20Turmstrasse\" title=\"Bei Pinterest pinnen\" aria-label=\"Bei Pinterest pinnen\" role=\"button\" rel=\"noopener nofollow\" class=\"shariff-link\" style=\"; background-color:#cb2027; color:#fff\" target=\"_blank\"><span class=\"shariff-icon\" style=\"\"><svg width=\"32px\" height=\"20px\" xmlns=\"http:\/\/www.w3.org\/2000\/svg\" viewBox=\"0 0 27 32\"><path fill=\"#cb2027\" d=\"M27.4 16q0 3.7-1.8 6.9t-5 5-6.9 1.9q-2 0-3.9-0.6 1.1-1.7 1.4-2.9 0.2-0.6 1-3.8 0.4 0.7 1.3 1.2t2 0.5q2.1 0 3.8-1.2t2.7-3.4 0.9-4.8q0-2-1.1-3.8t-3.1-2.9-4.5-1.2q-1.9 0-3.5 0.5t-2.8 1.4-2 2-1.2 2.3-0.4 2.4q0 1.9 0.7 3.3t2.1 2q0.5 0.2 0.7-0.4 0-0.1 0.1-0.5t0.2-0.5q0.1-0.4-0.2-0.8-0.9-1.1-0.9-2.7 0-2.7 1.9-4.6t4.9-2q2.7 0 4.2 1.5t1.5 3.8q0 3-1.2 5.2t-3.1 2.1q-1.1 0-1.7-0.8t-0.4-1.9q0.1-0.6 0.5-1.7t0.5-1.8 0.2-1.4q0-0.9-0.5-1.5t-1.4-0.6q-1.1 0-1.9 1t-0.8 2.6q0 1.3 0.4 2.2l-1.8 7.5q-0.3 1.2-0.2 3.2-3.7-1.6-6-5t-2.3-7.6q0-3.7 1.9-6.9t5-5 6.9-1.9 6.9 1.9 5 5 1.8 6.9z\"><\/path><\/svg><\/span><span class=\"shariff-text\">merken<\/span>&nbsp;<\/a><\/li>\n<\/ul>\n<\/div>\n","protected":false},"excerpt":{"rendered":"<p>Kollektiv Turmstrasse sind eine feste Gr\u00f6\u00dfe im Bereich der elektronischen Musik. Im Interview erz\u00e4hlt Nico vom neuen Konzeptalbum, virtuellen Partys und ihrem Spreadshop. <a href=\"https:\/\/www.spreadshop.com\/de\/blog\/2021\/05\/19\/shop-of-the-moment-kollektiv-turmstrasse-im-virtuellen-raum\/\">Weiterlesen<\/a><\/p>\n","protected":false},"author":780,"featured_media":39781,"comment_status":"open","ping_status":"open","sticky":false,"template":"","format":"image","meta":{"publish_to_discourse":"0","publish_post_category":"9","wpdc_auto_publish_overridden":"1","wpdc_topic_tags":"","wpdc_pin_topic":"","wpdc_pin_until":"","discourse_post_id":"59965","discourse_permalink":"https:\/\/www.spreadshop.com\/forum\/t\/shop-of-the-moment-kollektiv-turmstrasse-im-virtuellen-raum\/10940","wpdc_publishing_response":"","wpdc_publishing_error":"","_cloudinary_featured_overwrite":false},"categories":[31844],"tags":[31844],"yoast_head":"<!-- This site is optimized with the Yoast SEO plugin v19.7.1 - https:\/\/yoast.com\/wordpress\/plugins\/seo\/ -->\n<title>Shop of the Monats: Kollektiv Turmstrasse | Das Spreadshop Blog<\/title>\n<meta name=\"description\" content=\"Kollektiv Turmstrasse sind eine feste Gr\u00f6\u00dfe der elektronischen Musik. Im Interview erz\u00e4hlen sie vom neuen Konzeptalbum und ihrem Spreadshop.\" \/>\n<meta name=\"robots\" content=\"index, follow, max-snippet:-1, max-image-preview:large, max-video-preview:-1\" \/>\n<link rel=\"canonical\" href=\"https:\/\/www.spreadshop.com\/de\/blog\/2021\/05\/19\/shop-of-the-moment-kollektiv-turmstrasse-im-virtuellen-raum\/\" \/>\n<meta property=\"og:locale\" content=\"de_DE\" \/>\n<meta property=\"og:type\" content=\"article\" \/>\n<meta property=\"og:title\" content=\"Shop of the Monats: Kollektiv Turmstrasse | Das Spreadshop Blog\" \/>\n<meta property=\"og:description\" content=\"Kollektiv Turmstrasse sind eine feste Gr\u00f6\u00dfe der elektronischen Musik. Im Interview erz\u00e4hlen sie vom neuen Konzeptalbum und ihrem Spreadshop.\" \/>\n<meta property=\"og:url\" content=\"https:\/\/www.spreadshop.com\/de\/blog\/2021\/05\/19\/shop-of-the-moment-kollektiv-turmstrasse-im-virtuellen-raum\/\" \/>\n<meta property=\"og:site_name\" content=\"Das Spreadshop Blog\" \/>\n<meta property=\"article:published_time\" content=\"2021-05-19T08:29:43+00:00\" \/>\n<meta property=\"article:modified_time\" content=\"2026-02-23T15:16:34+00:00\" \/>\n<meta property=\"og:image\" content=\"https:\/\/images.spreadshop.com\/images\/f_auto,q_auto\/v1621942881\/blog\/Teaser_NEU_gjhme4\/Teaser_NEU_gjhme4.png?_i=AA\" \/>\n\t<meta property=\"og:image:width\" content=\"1400\" \/>\n\t<meta property=\"og:image:height\" content=\"800\" \/>\n\t<meta property=\"og:image:type\" content=\"image\/png\" \/>\n<meta name=\"author\" content=\"Jasmin\" \/>\n<meta name=\"twitter:label1\" content=\"Verfasst von\" \/>\n\t<meta name=\"twitter:data1\" content=\"Jasmin\" \/>\n\t<meta name=\"twitter:label2\" content=\"Gesch\u00e4tzte Lesezeit\" \/>\n\t<meta name=\"twitter:data2\" content=\"9\u00a0Minuten\" \/>\n<script type=\"application\/ld+json\" class=\"yoast-schema-graph\">{\"@context\":\"https:\/\/schema.org\",\"@graph\":[{\"@type\":\"WebPage\",\"@id\":\"https:\/\/www.spreadshop.com\/de\/blog\/2021\/05\/19\/shop-of-the-moment-kollektiv-turmstrasse-im-virtuellen-raum\/\",\"url\":\"https:\/\/www.spreadshop.com\/de\/blog\/2021\/05\/19\/shop-of-the-moment-kollektiv-turmstrasse-im-virtuellen-raum\/\",\"name\":\"Shop of the Monats: Kollektiv Turmstrasse | Das Spreadshop Blog\",\"isPartOf\":{\"@id\":\"https:\/\/www.spreadshop.com\/de\/blog\/#website\"},\"datePublished\":\"2021-05-19T08:29:43+00:00\",\"dateModified\":\"2026-02-23T15:16:34+00:00\",\"author\":{\"@id\":\"https:\/\/www.spreadshop.com\/de\/blog\/#\/schema\/person\/e5a5d7e40bb1a2e2fa61ff74f47a9483\"},\"description\":\"Kollektiv Turmstrasse sind eine feste Gr\u00f6\u00dfe der elektronischen Musik. Im Interview erz\u00e4hlen sie vom neuen Konzeptalbum und ihrem Spreadshop.\",\"breadcrumb\":{\"@id\":\"https:\/\/www.spreadshop.com\/de\/blog\/2021\/05\/19\/shop-of-the-moment-kollektiv-turmstrasse-im-virtuellen-raum\/#breadcrumb\"},\"inLanguage\":\"de\",\"potentialAction\":[{\"@type\":\"ReadAction\",\"target\":[\"https:\/\/www.spreadshop.com\/de\/blog\/2021\/05\/19\/shop-of-the-moment-kollektiv-turmstrasse-im-virtuellen-raum\/\"]}]},{\"@type\":\"BreadcrumbList\",\"@id\":\"https:\/\/www.spreadshop.com\/de\/blog\/2021\/05\/19\/shop-of-the-moment-kollektiv-turmstrasse-im-virtuellen-raum\/#breadcrumb\",\"itemListElement\":[{\"@type\":\"ListItem\",\"position\":1,\"name\":\"Home\",\"item\":\"https:\/\/www.spreadshop.com\/de\/blog\/\"},{\"@type\":\"ListItem\",\"position\":2,\"name\":\"Shop of the Monats: Kollektiv Turmstrasse\"}]},{\"@type\":\"WebSite\",\"@id\":\"https:\/\/www.spreadshop.com\/de\/blog\/#website\",\"url\":\"https:\/\/www.spreadshop.com\/de\/blog\/\",\"name\":\"Das Spreadshop Blog\",\"description\":\"Alles was Du \u00fcber Spreadshop wissen musst\",\"potentialAction\":[{\"@type\":\"SearchAction\",\"target\":{\"@type\":\"EntryPoint\",\"urlTemplate\":\"https:\/\/www.spreadshop.com\/de\/blog\/?s={search_term_string}\"},\"query-input\":\"required name=search_term_string\"}],\"inLanguage\":\"de\"},{\"@type\":\"Person\",\"@id\":\"https:\/\/www.spreadshop.com\/de\/blog\/#\/schema\/person\/e5a5d7e40bb1a2e2fa61ff74f47a9483\",\"name\":\"Jasmin\",\"image\":{\"@type\":\"ImageObject\",\"inLanguage\":\"de\",\"@id\":\"https:\/\/www.spreadshop.com\/de\/blog\/#\/schema\/person\/image\/\",\"url\":\"https:\/\/secure.gravatar.com\/avatar\/0fc5e7c819ddae2b513c6209e091855f?s=96&d=mm&r=g\",\"contentUrl\":\"https:\/\/secure.gravatar.com\/avatar\/0fc5e7c819ddae2b513c6209e091855f?s=96&d=mm&r=g\",\"caption\":\"Jasmin\"},\"url\":\"https:\/\/www.spreadshop.com\/de\/blog\/author\/jasmin-falk\/\"}]}<\/script>\n<!-- \/ Yoast SEO plugin. -->","yoast_head_json":{"title":"Shop of the Monats: Kollektiv Turmstrasse | Das Spreadshop Blog","description":"Kollektiv Turmstrasse sind eine feste Gr\u00f6\u00dfe der elektronischen Musik. Im Interview erz\u00e4hlen sie vom neuen Konzeptalbum und ihrem Spreadshop.","robots":{"index":"index","follow":"follow","max-snippet":"max-snippet:-1","max-image-preview":"max-image-preview:large","max-video-preview":"max-video-preview:-1"},"canonical":"https:\/\/www.spreadshop.com\/de\/blog\/2021\/05\/19\/shop-of-the-moment-kollektiv-turmstrasse-im-virtuellen-raum\/","og_locale":"de_DE","og_type":"article","og_title":"Shop of the Monats: Kollektiv Turmstrasse | Das Spreadshop Blog","og_description":"Kollektiv Turmstrasse sind eine feste Gr\u00f6\u00dfe der elektronischen Musik. Im Interview erz\u00e4hlen sie vom neuen Konzeptalbum und ihrem Spreadshop.","og_url":"https:\/\/www.spreadshop.com\/de\/blog\/2021\/05\/19\/shop-of-the-moment-kollektiv-turmstrasse-im-virtuellen-raum\/","og_site_name":"Das Spreadshop Blog","article_published_time":"2021-05-19T08:29:43+00:00","article_modified_time":"2026-02-23T15:16:34+00:00","og_image":[{"width":1400,"height":800,"url":"https:\/\/images.spreadshop.com\/images\/f_auto,q_auto\/v1621942881\/blog\/Teaser_NEU_gjhme4\/Teaser_NEU_gjhme4.png?_i=AA","type":"image\/png"}],"author":"Jasmin","twitter_misc":{"Verfasst von":"Jasmin","Gesch\u00e4tzte Lesezeit":"9\u00a0Minuten"},"schema":{"@context":"https:\/\/schema.org","@graph":[{"@type":"WebPage","@id":"https:\/\/www.spreadshop.com\/de\/blog\/2021\/05\/19\/shop-of-the-moment-kollektiv-turmstrasse-im-virtuellen-raum\/","url":"https:\/\/www.spreadshop.com\/de\/blog\/2021\/05\/19\/shop-of-the-moment-kollektiv-turmstrasse-im-virtuellen-raum\/","name":"Shop of the Monats: Kollektiv Turmstrasse | Das Spreadshop Blog","isPartOf":{"@id":"https:\/\/www.spreadshop.com\/de\/blog\/#website"},"datePublished":"2021-05-19T08:29:43+00:00","dateModified":"2026-02-23T15:16:34+00:00","author":{"@id":"https:\/\/www.spreadshop.com\/de\/blog\/#\/schema\/person\/e5a5d7e40bb1a2e2fa61ff74f47a9483"},"description":"Kollektiv Turmstrasse sind eine feste Gr\u00f6\u00dfe der elektronischen Musik. Im Interview erz\u00e4hlen sie vom neuen Konzeptalbum und ihrem Spreadshop.","breadcrumb":{"@id":"https:\/\/www.spreadshop.com\/de\/blog\/2021\/05\/19\/shop-of-the-moment-kollektiv-turmstrasse-im-virtuellen-raum\/#breadcrumb"},"inLanguage":"de","potentialAction":[{"@type":"ReadAction","target":["https:\/\/www.spreadshop.com\/de\/blog\/2021\/05\/19\/shop-of-the-moment-kollektiv-turmstrasse-im-virtuellen-raum\/"]}]},{"@type":"BreadcrumbList","@id":"https:\/\/www.spreadshop.com\/de\/blog\/2021\/05\/19\/shop-of-the-moment-kollektiv-turmstrasse-im-virtuellen-raum\/#breadcrumb","itemListElement":[{"@type":"ListItem","position":1,"name":"Home","item":"https:\/\/www.spreadshop.com\/de\/blog\/"},{"@type":"ListItem","position":2,"name":"Shop of the Monats: Kollektiv Turmstrasse"}]},{"@type":"WebSite","@id":"https:\/\/www.spreadshop.com\/de\/blog\/#website","url":"https:\/\/www.spreadshop.com\/de\/blog\/","name":"Das Spreadshop Blog","description":"Alles was Du \u00fcber Spreadshop wissen musst","potentialAction":[{"@type":"SearchAction","target":{"@type":"EntryPoint","urlTemplate":"https:\/\/www.spreadshop.com\/de\/blog\/?s={search_term_string}"},"query-input":"required name=search_term_string"}],"inLanguage":"de"},{"@type":"Person","@id":"https:\/\/www.spreadshop.com\/de\/blog\/#\/schema\/person\/e5a5d7e40bb1a2e2fa61ff74f47a9483","name":"Jasmin","image":{"@type":"ImageObject","inLanguage":"de","@id":"https:\/\/www.spreadshop.com\/de\/blog\/#\/schema\/person\/image\/","url":"https:\/\/secure.gravatar.com\/avatar\/0fc5e7c819ddae2b513c6209e091855f?s=96&d=mm&r=g","contentUrl":"https:\/\/secure.gravatar.com\/avatar\/0fc5e7c819ddae2b513c6209e091855f?s=96&d=mm&r=g","caption":"Jasmin"},"url":"https:\/\/www.spreadshop.com\/de\/blog\/author\/jasmin-falk\/"}]}},"_links":{"self":[{"href":"https:\/\/www.spreadshop.com\/de\/blog\/wp-json\/wp\/v2\/posts\/39727"}],"collection":[{"href":"https:\/\/www.spreadshop.com\/de\/blog\/wp-json\/wp\/v2\/posts"}],"about":[{"href":"https:\/\/www.spreadshop.com\/de\/blog\/wp-json\/wp\/v2\/types\/post"}],"author":[{"embeddable":true,"href":"https:\/\/www.spreadshop.com\/de\/blog\/wp-json\/wp\/v2\/users\/780"}],"replies":[{"embeddable":true,"href":"https:\/\/www.spreadshop.com\/de\/blog\/wp-json\/wp\/v2\/comments?post=39727"}],"version-history":[{"count":12,"href":"https:\/\/www.spreadshop.com\/de\/blog\/wp-json\/wp\/v2\/posts\/39727\/revisions"}],"predecessor-version":[{"id":44683,"href":"https:\/\/www.spreadshop.com\/de\/blog\/wp-json\/wp\/v2\/posts\/39727\/revisions\/44683"}],"wp:featuredmedia":[{"embeddable":true,"href":"https:\/\/www.spreadshop.com\/de\/blog\/wp-json\/wp\/v2\/media\/39781"}],"wp:attachment":[{"href":"https:\/\/www.spreadshop.com\/de\/blog\/wp-json\/wp\/v2\/media?parent=39727"}],"wp:term":[{"taxonomy":"category","embeddable":true,"href":"https:\/\/www.spreadshop.com\/de\/blog\/wp-json\/wp\/v2\/categories?post=39727"},{"taxonomy":"post_tag","embeddable":true,"href":"https:\/\/www.spreadshop.com\/de\/blog\/wp-json\/wp\/v2\/tags?post=39727"}],"curies":[{"name":"wp","href":"https:\/\/api.w.org\/{rel}","templated":true}]}}