{"id":43933,"date":"2024-08-13T16:45:53","date_gmt":"2024-08-13T14:45:53","guid":{"rendered":"https:\/\/www.spreadshop.com\/de\/blog\/?p=43933"},"modified":"2025-01-22T16:55:39","modified_gmt":"2025-01-22T15:55:39","slug":"der-shop-des-monats-ein-interview-mit-joana","status":"publish","type":"post","link":"https:\/\/www.spreadshop.com\/de\/blog\/2024\/08\/13\/der-shop-des-monats-ein-interview-mit-joana\/","title":{"rendered":"Der Shop des Monats: Ein Interview mit Joana"},"content":{"rendered":"<p><em>Bitte stelle dich und deinen Shop doch mal kurz vor. Wer bist du und was ist deine Leidenschaft?<\/em><\/p>\n<p style=\"padding-left: 40px\">Hi, ich bin Joana,\u00a026 Jahre alt und komme aus Nordrhein-Westfalen in Deutschland.<br \/>\nMeinen Shop &#8220;Ich ticke anders that&#8217;s okay&#8221; habe im April dieses Jahres er\u00f6ffnet. Die Idee f\u00fcr den Namen ist durch meine ADHS-Diagnose entstanden. Diese habe erst mit\u00a025 Jahren erhalten, was leider gerade bei Frauen h\u00e4ufig vorkommt, wenn sie \u00fcberhaupt diagnostiziert werden. F\u00fcr mich war die Diagnose eine Erleichterung, weil ich endlich eine Erkl\u00e4rung f\u00fcr mein &#8220;anders sein&#8221; hatte. Vorher hatte ich immer viele Unsicherheiten, habe mich selbst oft in Frage gestellt oder verurteilt. Die Diagnose hilft mir, mich besser zu verstehen und zu akzeptieren. Dann kam hinzu, dass ich Ende\u00a02023 durch COVID eine schwere Folgeerkrankung bekommen habe: ME\/CFS,\u00a0wodurch ich die meiste Zeit an zuhause gebunden bin und auch nicht mehr arbeiten gehen kann. Au\u00dfer Haus bin ich meist auf meinen Elektrorollstuhl angewiesen.<br \/>\nAlso brauchte ich eine Besch\u00e4ftigung, die ich auch vom Bett aus erledigen kann und die mir gro\u00dfe Freude bereitet. Da ich schon mein Leben lang sehr kreativ bin, war der Shop die perfekte L\u00f6sung.<\/p>\n<p><!--more--><\/p>\n<p><em>Warum hast du dich entschieden, Merch zu verkaufen?<\/em><\/p>\n<p style=\"padding-left: 40px\">Mit meinen Designs m\u00f6chte ich u.a. f\u00fcr mehr Sichtbarkeit von ADHS und ME\/CFS \/ Post Covid sorgen. Es sollte meiner Meinung nach, kein Tabuthema sein, neurodivergent oder chronisch krank zu sein.<\/p>\n<h2>Wie unterst\u00fctzt dich Spreadshop?<\/h2>\n<div class='wp-caption alignnone sprd-caption'>\n<div class='wp-caption-inner'><picture><img width=\"1400\" height=\"800\" src=\"https:\/\/images.spreadshop.com\/images\/w_1400,h_800\/f_auto,q_auto\/v1723560014\/blog\/CW33_Quote_DE\/CW33_Quote_DE.png?_i=AA\" alt=\"\" data-public-id=\"blog\/CW33_Quote_DE.png\" class=\"wp-post-0 wp-image-43934\" data-format=\"png\" data-transformations=\"f_auto,q_auto\" data-version=\"1723560014\" \/><\/picture><\/div>\n<\/div>\n<h2>Mit der Chillkr\u00f6te in die Top 3<\/h2>\n<div class='wp-caption alignnone sprd-caption'>\n<div class='wp-caption-inner'><picture><img width=\"1400\" height=\"800\" src=\"https:\/\/images.spreadshop.com\/images\/w_1400,h_800\/f_auto,q_auto\/v1723560014\/blog\/CW33_Winner\/CW33_Winner.png?_i=AA\" alt=\"\" data-public-id=\"blog\/CW33_Winner.png\" class=\"wp-post-0 wp-image-43935\" data-format=\"png\" data-transformations=\"f_auto,q_auto\" data-version=\"1723560014\" \/><\/picture><\/div>\n<\/div>\n<p><em>Welche Gedanken stecken hinter deinem Entwurf f\u00fcr die Spreadshop Design Challenge?<\/em><\/p>\n<p style=\"padding-left: 40px\">Als ich von der Good Vibes Challenge gelesen habe, war ich sofort motiviert. Ich wollte eine Message, die auch zu meiner Zielgruppe passt: Mentale Gesundheit und Menschen mit chronischer Erkrankung. Ich habe mich selber beobachtet und reflektiert, was mich motiviert und mir trotz chronischer Erkrankung und ADHS Lebensfreude schenkt. Und so kam ich auf: &#8220;Enjoy the little things&#8221;. Das gibt mir &#8220;Good Vibes&#8221; die kleinen Dinge zu genie\u00dfen wie z.b. eine leckere Fruchtschorle mit Strohhalm.<\/p>\n<p><em>Was ist die Inspiration f\u00fcr dein Spread Good Vibes-Design?<\/em><\/p>\n<p style=\"padding-left: 40px\">Die Schildkr\u00f6te lehrt uns Menschen, achtsam und aufmerksam zu sein. Also die kleinen Dinge auch erkennen zu k\u00f6nnen. Das klappt nur dann gut, wenn wir uns Zeit nehmen und nicht, die Dinge des Lebens nacheinander einfach abhaken. Ganz nach dem Motto: &#8220;In der Ruhe liegt die Kraft.&#8221;<\/p>\n<p style=\"padding-left: 40px\">Die M\u00fctze ist mein Markenzeichen, ich habe sehr viele, in vielen verschiedenen Farben. Deswegen tr\u00e4gt die Schildkr\u00f6te eine M\u00fctze.<\/p>\n<p style=\"padding-left: 40px\">Das Handzeichen \ud83e\udd19\ud83c\udffc bedeutet: bleib locker. Egal was ist, ich versuche nicht durchzudrehen, sondern das Beste draus zu machen.<\/p>\n<p><em>W\u00fcrdest du noch einmal an einer Spreadshop-Challenge teilnehmen?<\/em><\/p>\n<p style=\"padding-left: 40px\">Mir hat die Challenge gro\u00dfen Spa\u00df gemacht und ich w\u00fcrde immer wieder mitmachen. Mich freut es sehr, dass ich sogar den 3. Platz erreichen konnte, damit habe ich wirklich nicht gerechnet.<\/p>\n<h2>Mehr \u00fcber Joanas Designs<\/h2>\n<div class='wp-caption alignnone sprd-caption'>\n<div class='wp-caption-inner'><picture><img width=\"1400\" height=\"800\" src=\"https:\/\/images.spreadshop.com\/images\/w_1400,h_800\/f_auto,q_auto\/v1723560014\/blog\/CW33_products_1\/CW33_products_1.png?_i=AA\" alt=\"\" data-public-id=\"blog\/CW33_products_1.png\" class=\"wp-post-0 wp-image-43936\" data-format=\"png\" data-transformations=\"f_auto,q_auto\" data-version=\"1723560014\" \/><\/picture><\/div>\n<\/div>\n<p><em>Welche sind deine liebsten beziehungsweise erfolgreichsten Designs?<\/em><\/p>\n<p style=\"padding-left: 40px\">Da ich den Shop erst vor knapp zwei Monate er\u00f6ffnet habe, werden noch viele Designs folgen.<br \/>\nMeine Lieblingsdesigns sind bisher:<br \/>\n1. Chillkr\u00f6te, 2. Ich komme irgendwie schon klar, 3. Ciao Kakao mit Sahne.<\/p>\n<p><em>Wie erstellst du deine Designs generell und welche Tools verwendest du?<\/em><\/p>\n<p style=\"padding-left: 40px\">Ich erstelle meine Designs \u00fcber ein Tablet mit Stift mit einer App zum Zeichnen. So macht es mir am meisten Spa\u00df und kommt dem Zeichnen auf Papier am n\u00e4chsten.<\/p>\n<h2>Joanas Produkte<\/h2>\n<p><em>Wie sieht dein perfektes Sortiment aus und welche Produkte sollte man in seinem Shop haben und auf welche Produkt-Features legst du Wert?<\/em><\/p>\n<p style=\"padding-left: 40px\">Bei meiner Produktwahl ist mir Nachhaltigkeit wichtig, eine gute Qualit\u00e4t, eine gro\u00dfe Gr\u00f6\u00dfenauswahl und coole Farben, die zu meinen Designs passen. Cool w\u00e4ren noch Beanies.<\/p>\n<h2>Marketing-Tipps<\/h2>\n<div class='wp-caption alignnone sprd-caption'>\n<div class='wp-caption-inner'><picture><img width=\"1400\" height=\"800\" src=\"https:\/\/images.spreadshop.com\/images\/w_1400,h_800\/f_auto,q_auto\/v1723560014\/blog\/CW33_marketing\/CW33_marketing.png?_i=AA\" alt=\"\" data-public-id=\"blog\/CW33_marketing.png\" class=\"wp-post-0 wp-image-43937\" data-format=\"png\" data-transformations=\"f_auto,q_auto\" data-version=\"1723560014\" \/><\/picture><\/div>\n<\/div>\n<p><em>Wo und auf welchen Plattformen bewirbst du deinen Shop und deine Designs?<\/em><\/p>\n<p style=\"padding-left: 40px\">Ich habe eine Instagram-Seite:\u00a0ich.ticke.anders.thats.okay. Dort ist mein Shop verlinkt.<\/p>\n<p><em>Welche Art von Content machst du f\u00fcr deine Zielgruppe?<\/em><\/p>\n<p style=\"padding-left: 40px\">Auf der Seite thematisiere ich mein Leben mit ADHS und ME\/CFS, mentale Gesundheit und meine Gedanken. Mir ist Aufkl\u00e4rung und Sichtbarkeit wichtig, aber auch Humor. Egal wie bl\u00f6d es manchmal l\u00e4uft, Lachen ist gesund und wichtig! Sich selbst nicht so ernst nehmen, einfach versuchen, locker zu bleiben und die kleinen Dinge zu genie\u00dfen.<\/p>\n<p>Vielen Dank f\u00fcr diese coole Erfahrung und ich freue mich auf eine weitere gute Zusammenarbeit \ud83d\ude0d<\/p>\n<h2>So findest du Joana<\/h2>\n<p>Mehr Sichtbarkeit f\u00fcr Neurodiversit\u00e4t und chronische Erkrankungen \u2013 wir finden, das ist ein gro\u00dfartiges Anliegen, Joana!<\/p>\n<p>Besuche Joanas <a href=\"https:\/\/ich-ticke-anders-thats-okay.myspreadshop.de\/\">Shop<\/a> und schau dir ihre Designs an. Dort findest du auch ihren Design Challenge-Beitrag, die <a href=\"https:\/\/ich-ticke-anders-thats-okay.myspreadshop.de\/chillkroete-A662e71e09b47b0528db65eb1?productType=2489&amp;sellable=do7pkpg9obHqBY5RO3yj-2489-22&amp;appearance=824\">Chillkr\u00f6te<\/a>.<\/p>\n<p>Du willst mehr \u00fcber Joana erfahren? Dann schau auf ihrem <a href=\"https:\/\/www.instagram.com\/ich.ticke.anders.thats.okay\/\">Instagram<\/a>-Account vorbei.<\/p>\n<div class=\"shariff shariff-align-left shariff-widget-align-left\">\n<div class=\"ShariffHeadline\">\n<h3 class=\"shariff_headline\">Teile diesen Beitrag<\/h3>\n<\/div>\n<ul class=\"shariff-buttons theme-default orientation-horizontal buttonsize-medium\">\n<li class=\"shariff-button facebook shariff-nocustomcolor\" style=\"background-color:#4273c8\"><a href=\"https:\/\/www.facebook.com\/sharer\/sharer.php?u=https%3A%2F%2Fwww.spreadshop.com%2Fblog%2Fde%2F2024%2F08%2F13%2Fder-shop-des-monats-ein-interview-mit-joana%2F\" title=\"Bei Facebook teilen\" aria-label=\"Bei Facebook teilen\" role=\"button\" rel=\"nofollow\" class=\"shariff-link\" style=\"; background-color:#3b5998; color:#fff\" target=\"_blank\"><span class=\"shariff-icon\" style=\"\"><svg width=\"32px\" height=\"20px\" xmlns=\"http:\/\/www.w3.org\/2000\/svg\" viewBox=\"0 0 18 32\"><path fill=\"#3b5998\" d=\"M17.1 0.2v4.7h-2.8q-1.5 0-2.1 0.6t-0.5 1.9v3.4h5.2l-0.7 5.3h-4.5v13.6h-5.5v-13.6h-4.5v-5.3h4.5v-3.9q0-3.3 1.9-5.2t5-1.8q2.6 0 4.1 0.2z\"><\/path><\/svg><\/span><span class=\"shariff-text\">teilen<\/span>&nbsp;<\/a><\/li>\n<li class=\"shariff-button twitter shariff-nocustomcolor\" style=\"background-color:#595959\"><a href=\"https:\/\/twitter.com\/share?url=https%3A%2F%2Fwww.spreadshop.com%2Fblog%2Fde%2F2024%2F08%2F13%2Fder-shop-des-monats-ein-interview-mit-joana%2F&text=Der%20Shop%20des%20Monats%3A%20Ein%20Interview%20mit%20Joana\" title=\"Bei X teilen\" aria-label=\"Bei X teilen\" role=\"button\" rel=\"noopener nofollow\" class=\"shariff-link\" style=\"; background-color:#000; color:#fff\" target=\"_blank\"><span class=\"shariff-icon\" style=\"\"><svg width=\"32px\" height=\"20px\" xmlns=\"http:\/\/www.w3.org\/2000\/svg\" viewBox=\"0 0 24 24\"><path fill=\"#000\" d=\"M14.258 10.152L23.176 0h-2.113l-7.747 8.813L7.133 0H0l9.352 13.328L0 23.973h2.113l8.176-9.309 6.531 9.309h7.133zm-2.895 3.293l-.949-1.328L2.875 1.56h3.246l6.086 8.523.945 1.328 7.91 11.078h-3.246zm0 0\"><\/path><\/svg><\/span><span class=\"shariff-text\">teilen<\/span>&nbsp;<\/a><\/li>\n<li class=\"shariff-button pinterest shariff-nocustomcolor\" style=\"background-color:#e70f18\"><a href=\"https:\/\/www.pinterest.com\/pin\/create\/link\/?url=https%3A%2F%2Fwww.spreadshop.com%2Fblog%2Fde%2F2024%2F08%2F13%2Fder-shop-des-monats-ein-interview-mit-joana%2F&media=https%3A%2F%2Fwww.spreadshop.com%2Fblog%2Fde%2Ffiles%2F2024%2F08%2FCW33_Header_DE_2.png&description=Der%20Shop%20des%20Monats%3A%20Ein%20Interview%20mit%20Joana\" title=\"Bei Pinterest pinnen\" aria-label=\"Bei Pinterest pinnen\" role=\"button\" rel=\"noopener nofollow\" class=\"shariff-link\" style=\"; background-color:#cb2027; color:#fff\" target=\"_blank\"><span class=\"shariff-icon\" style=\"\"><svg width=\"32px\" height=\"20px\" xmlns=\"http:\/\/www.w3.org\/2000\/svg\" viewBox=\"0 0 27 32\"><path fill=\"#cb2027\" d=\"M27.4 16q0 3.7-1.8 6.9t-5 5-6.9 1.9q-2 0-3.9-0.6 1.1-1.7 1.4-2.9 0.2-0.6 1-3.8 0.4 0.7 1.3 1.2t2 0.5q2.1 0 3.8-1.2t2.7-3.4 0.9-4.8q0-2-1.1-3.8t-3.1-2.9-4.5-1.2q-1.9 0-3.5 0.5t-2.8 1.4-2 2-1.2 2.3-0.4 2.4q0 1.9 0.7 3.3t2.1 2q0.5 0.2 0.7-0.4 0-0.1 0.1-0.5t0.2-0.5q0.1-0.4-0.2-0.8-0.9-1.1-0.9-2.7 0-2.7 1.9-4.6t4.9-2q2.7 0 4.2 1.5t1.5 3.8q0 3-1.2 5.2t-3.1 2.1q-1.1 0-1.7-0.8t-0.4-1.9q0.1-0.6 0.5-1.7t0.5-1.8 0.2-1.4q0-0.9-0.5-1.5t-1.4-0.6q-1.1 0-1.9 1t-0.8 2.6q0 1.3 0.4 2.2l-1.8 7.5q-0.3 1.2-0.2 3.2-3.7-1.6-6-5t-2.3-7.6q0-3.7 1.9-6.9t5-5 6.9-1.9 6.9 1.9 5 5 1.8 6.9z\"><\/path><\/svg><\/span><span class=\"shariff-text\">merken<\/span>&nbsp;<\/a><\/li>\n<\/ul>\n<\/div>\n","protected":false},"excerpt":{"rendered":"<p>Bitte stelle dich und deinen Shop doch mal kurz vor. Wer bist du und was ist deine Leidenschaft? Hi, ich bin Joana,\u00a026 Jahre alt und komme aus Nordrhein-Westfalen in Deutschland. Meinen Shop &#8220;Ich ticke anders &hellip; <a href=\"https:\/\/www.spreadshop.com\/de\/blog\/2024\/08\/13\/der-shop-des-monats-ein-interview-mit-joana\/\">Weiterlesen<\/a><\/p>\n","protected":false},"author":829,"featured_media":43938,"comment_status":"open","ping_status":"open","sticky":false,"template":"","format":"image","meta":{"publish_to_discourse":"0","publish_post_category":"9","wpdc_auto_publish_overridden":"","wpdc_topic_tags":"","wpdc_pin_topic":"","wpdc_pin_until":"","discourse_post_id":"","discourse_permalink":"","wpdc_publishing_response":"","wpdc_publishing_error":"","_cloudinary_featured_overwrite":false},"categories":[18604],"tags":[60193,50108,31844,18615,469],"yoast_head":"<!-- This site is optimized with the Yoast SEO plugin v19.7.1 - https:\/\/yoast.com\/wordpress\/plugins\/seo\/ -->\n<title>Der Shop des Monats: Ein Interview mit Joana | Das Spreadshop Blog<\/title>\n<meta name=\"description\" content=\"Mehr Sichtbarkeit f\u00fcr Neurodiversit\u00e4t und chronische Erkrankungen \u2013 wir finden, das ist ein gro\u00dfartiges Anliegen, Joana!\" \/>\n<meta name=\"robots\" content=\"index, follow, max-snippet:-1, max-image-preview:large, max-video-preview:-1\" \/>\n<link rel=\"canonical\" href=\"https:\/\/www.spreadshop.com\/de\/blog\/2024\/08\/13\/der-shop-des-monats-ein-interview-mit-joana\/\" \/>\n<meta property=\"og:locale\" content=\"de_DE\" \/>\n<meta property=\"og:type\" content=\"article\" \/>\n<meta property=\"og:title\" content=\"Der Shop des Monats: Ein Interview mit Joana | Das Spreadshop Blog\" \/>\n<meta property=\"og:description\" content=\"Mehr Sichtbarkeit f\u00fcr Neurodiversit\u00e4t und chronische Erkrankungen \u2013 wir finden, das ist ein gro\u00dfartiges Anliegen, Joana!\" \/>\n<meta property=\"og:url\" content=\"https:\/\/www.spreadshop.com\/de\/blog\/2024\/08\/13\/der-shop-des-monats-ein-interview-mit-joana\/\" \/>\n<meta property=\"og:site_name\" content=\"Das Spreadshop Blog\" \/>\n<meta property=\"article:published_time\" content=\"2024-08-13T14:45:53+00:00\" \/>\n<meta property=\"article:modified_time\" content=\"2025-01-22T15:55:39+00:00\" \/>\n<meta property=\"og:image\" content=\"https:\/\/images.spreadshop.com\/images\/f_auto,q_auto\/v1723560014\/blog\/CW33_Header_DE_2\/CW33_Header_DE_2.png?_i=AA\" \/>\n\t<meta property=\"og:image:width\" content=\"1400\" \/>\n\t<meta property=\"og:image:height\" content=\"800\" \/>\n\t<meta property=\"og:image:type\" content=\"image\/png\" \/>\n<meta name=\"author\" content=\"Theresa\" \/>\n<meta name=\"twitter:label1\" content=\"Verfasst von\" \/>\n\t<meta name=\"twitter:data1\" content=\"Theresa\" \/>\n\t<meta name=\"twitter:label2\" content=\"Gesch\u00e4tzte Lesezeit\" \/>\n\t<meta name=\"twitter:data2\" content=\"5\u00a0Minuten\" \/>\n<script type=\"application\/ld+json\" class=\"yoast-schema-graph\">{\"@context\":\"https:\/\/schema.org\",\"@graph\":[{\"@type\":\"WebPage\",\"@id\":\"https:\/\/www.spreadshop.com\/de\/blog\/2024\/08\/13\/der-shop-des-monats-ein-interview-mit-joana\/\",\"url\":\"https:\/\/www.spreadshop.com\/de\/blog\/2024\/08\/13\/der-shop-des-monats-ein-interview-mit-joana\/\",\"name\":\"Der Shop des Monats: Ein Interview mit Joana | Das Spreadshop Blog\",\"isPartOf\":{\"@id\":\"https:\/\/www.spreadshop.com\/de\/blog\/#website\"},\"datePublished\":\"2024-08-13T14:45:53+00:00\",\"dateModified\":\"2025-01-22T15:55:39+00:00\",\"author\":{\"@id\":\"https:\/\/www.spreadshop.com\/de\/blog\/#\/schema\/person\/db3e3d7ab974459355889be17681dc92\"},\"description\":\"Mehr Sichtbarkeit f\u00fcr Neurodiversit\u00e4t und chronische Erkrankungen \u2013 wir finden, das ist ein gro\u00dfartiges Anliegen, Joana!\",\"breadcrumb\":{\"@id\":\"https:\/\/www.spreadshop.com\/de\/blog\/2024\/08\/13\/der-shop-des-monats-ein-interview-mit-joana\/#breadcrumb\"},\"inLanguage\":\"de\",\"potentialAction\":[{\"@type\":\"ReadAction\",\"target\":[\"https:\/\/www.spreadshop.com\/de\/blog\/2024\/08\/13\/der-shop-des-monats-ein-interview-mit-joana\/\"]}]},{\"@type\":\"BreadcrumbList\",\"@id\":\"https:\/\/www.spreadshop.com\/de\/blog\/2024\/08\/13\/der-shop-des-monats-ein-interview-mit-joana\/#breadcrumb\",\"itemListElement\":[{\"@type\":\"ListItem\",\"position\":1,\"name\":\"Home\",\"item\":\"https:\/\/www.spreadshop.com\/de\/blog\/\"},{\"@type\":\"ListItem\",\"position\":2,\"name\":\"Der Shop des Monats: Ein Interview mit Joana\"}]},{\"@type\":\"WebSite\",\"@id\":\"https:\/\/www.spreadshop.com\/de\/blog\/#website\",\"url\":\"https:\/\/www.spreadshop.com\/de\/blog\/\",\"name\":\"Das Spreadshop Blog\",\"description\":\"Alles was Du \u00fcber Spreadshop wissen musst\",\"potentialAction\":[{\"@type\":\"SearchAction\",\"target\":{\"@type\":\"EntryPoint\",\"urlTemplate\":\"https:\/\/www.spreadshop.com\/de\/blog\/?s={search_term_string}\"},\"query-input\":\"required name=search_term_string\"}],\"inLanguage\":\"de\"},{\"@type\":\"Person\",\"@id\":\"https:\/\/www.spreadshop.com\/de\/blog\/#\/schema\/person\/db3e3d7ab974459355889be17681dc92\",\"name\":\"Theresa\",\"image\":{\"@type\":\"ImageObject\",\"inLanguage\":\"de\",\"@id\":\"https:\/\/www.spreadshop.com\/de\/blog\/#\/schema\/person\/image\/\",\"url\":\"https:\/\/secure.gravatar.com\/avatar\/ea68828585a056e2f80228c43cc09fa3?s=96&d=mm&r=g\",\"contentUrl\":\"https:\/\/secure.gravatar.com\/avatar\/ea68828585a056e2f80228c43cc09fa3?s=96&d=mm&r=g\",\"caption\":\"Theresa\"},\"url\":\"https:\/\/www.spreadshop.com\/de\/blog\/author\/ths\/\"}]}<\/script>\n<!-- \/ Yoast SEO plugin. -->","yoast_head_json":{"title":"Der Shop des Monats: Ein Interview mit Joana | Das Spreadshop Blog","description":"Mehr Sichtbarkeit f\u00fcr Neurodiversit\u00e4t und chronische Erkrankungen \u2013 wir finden, das ist ein gro\u00dfartiges Anliegen, Joana!","robots":{"index":"index","follow":"follow","max-snippet":"max-snippet:-1","max-image-preview":"max-image-preview:large","max-video-preview":"max-video-preview:-1"},"canonical":"https:\/\/www.spreadshop.com\/de\/blog\/2024\/08\/13\/der-shop-des-monats-ein-interview-mit-joana\/","og_locale":"de_DE","og_type":"article","og_title":"Der Shop des Monats: Ein Interview mit Joana | Das Spreadshop Blog","og_description":"Mehr Sichtbarkeit f\u00fcr Neurodiversit\u00e4t und chronische Erkrankungen \u2013 wir finden, das ist ein gro\u00dfartiges Anliegen, Joana!","og_url":"https:\/\/www.spreadshop.com\/de\/blog\/2024\/08\/13\/der-shop-des-monats-ein-interview-mit-joana\/","og_site_name":"Das Spreadshop Blog","article_published_time":"2024-08-13T14:45:53+00:00","article_modified_time":"2025-01-22T15:55:39+00:00","og_image":[{"width":1400,"height":800,"url":"https:\/\/images.spreadshop.com\/images\/f_auto,q_auto\/v1723560014\/blog\/CW33_Header_DE_2\/CW33_Header_DE_2.png?_i=AA","type":"image\/png"}],"author":"Theresa","twitter_misc":{"Verfasst von":"Theresa","Gesch\u00e4tzte Lesezeit":"5\u00a0Minuten"},"schema":{"@context":"https:\/\/schema.org","@graph":[{"@type":"WebPage","@id":"https:\/\/www.spreadshop.com\/de\/blog\/2024\/08\/13\/der-shop-des-monats-ein-interview-mit-joana\/","url":"https:\/\/www.spreadshop.com\/de\/blog\/2024\/08\/13\/der-shop-des-monats-ein-interview-mit-joana\/","name":"Der Shop des Monats: Ein Interview mit Joana | Das Spreadshop Blog","isPartOf":{"@id":"https:\/\/www.spreadshop.com\/de\/blog\/#website"},"datePublished":"2024-08-13T14:45:53+00:00","dateModified":"2025-01-22T15:55:39+00:00","author":{"@id":"https:\/\/www.spreadshop.com\/de\/blog\/#\/schema\/person\/db3e3d7ab974459355889be17681dc92"},"description":"Mehr Sichtbarkeit f\u00fcr Neurodiversit\u00e4t und chronische Erkrankungen \u2013 wir finden, das ist ein gro\u00dfartiges Anliegen, Joana!","breadcrumb":{"@id":"https:\/\/www.spreadshop.com\/de\/blog\/2024\/08\/13\/der-shop-des-monats-ein-interview-mit-joana\/#breadcrumb"},"inLanguage":"de","potentialAction":[{"@type":"ReadAction","target":["https:\/\/www.spreadshop.com\/de\/blog\/2024\/08\/13\/der-shop-des-monats-ein-interview-mit-joana\/"]}]},{"@type":"BreadcrumbList","@id":"https:\/\/www.spreadshop.com\/de\/blog\/2024\/08\/13\/der-shop-des-monats-ein-interview-mit-joana\/#breadcrumb","itemListElement":[{"@type":"ListItem","position":1,"name":"Home","item":"https:\/\/www.spreadshop.com\/de\/blog\/"},{"@type":"ListItem","position":2,"name":"Der Shop des Monats: Ein Interview mit Joana"}]},{"@type":"WebSite","@id":"https:\/\/www.spreadshop.com\/de\/blog\/#website","url":"https:\/\/www.spreadshop.com\/de\/blog\/","name":"Das Spreadshop Blog","description":"Alles was Du \u00fcber Spreadshop wissen musst","potentialAction":[{"@type":"SearchAction","target":{"@type":"EntryPoint","urlTemplate":"https:\/\/www.spreadshop.com\/de\/blog\/?s={search_term_string}"},"query-input":"required name=search_term_string"}],"inLanguage":"de"},{"@type":"Person","@id":"https:\/\/www.spreadshop.com\/de\/blog\/#\/schema\/person\/db3e3d7ab974459355889be17681dc92","name":"Theresa","image":{"@type":"ImageObject","inLanguage":"de","@id":"https:\/\/www.spreadshop.com\/de\/blog\/#\/schema\/person\/image\/","url":"https:\/\/secure.gravatar.com\/avatar\/ea68828585a056e2f80228c43cc09fa3?s=96&d=mm&r=g","contentUrl":"https:\/\/secure.gravatar.com\/avatar\/ea68828585a056e2f80228c43cc09fa3?s=96&d=mm&r=g","caption":"Theresa"},"url":"https:\/\/www.spreadshop.com\/de\/blog\/author\/ths\/"}]}},"_links":{"self":[{"href":"https:\/\/www.spreadshop.com\/de\/blog\/wp-json\/wp\/v2\/posts\/43933"}],"collection":[{"href":"https:\/\/www.spreadshop.com\/de\/blog\/wp-json\/wp\/v2\/posts"}],"about":[{"href":"https:\/\/www.spreadshop.com\/de\/blog\/wp-json\/wp\/v2\/types\/post"}],"author":[{"embeddable":true,"href":"https:\/\/www.spreadshop.com\/de\/blog\/wp-json\/wp\/v2\/users\/829"}],"replies":[{"embeddable":true,"href":"https:\/\/www.spreadshop.com\/de\/blog\/wp-json\/wp\/v2\/comments?post=43933"}],"version-history":[{"count":2,"href":"https:\/\/www.spreadshop.com\/de\/blog\/wp-json\/wp\/v2\/posts\/43933\/revisions"}],"predecessor-version":[{"id":44124,"href":"https:\/\/www.spreadshop.com\/de\/blog\/wp-json\/wp\/v2\/posts\/43933\/revisions\/44124"}],"wp:featuredmedia":[{"embeddable":true,"href":"https:\/\/www.spreadshop.com\/de\/blog\/wp-json\/wp\/v2\/media\/43938"}],"wp:attachment":[{"href":"https:\/\/www.spreadshop.com\/de\/blog\/wp-json\/wp\/v2\/media?parent=43933"}],"wp:term":[{"taxonomy":"category","embeddable":true,"href":"https:\/\/www.spreadshop.com\/de\/blog\/wp-json\/wp\/v2\/categories?post=43933"},{"taxonomy":"post_tag","embeddable":true,"href":"https:\/\/www.spreadshop.com\/de\/blog\/wp-json\/wp\/v2\/tags?post=43933"}],"curies":[{"name":"wp","href":"https:\/\/api.w.org\/{rel}","templated":true}]}}